{"id":1607,"date":"2017-01-26T15:05:10","date_gmt":"2017-01-26T21:05:10","guid":{"rendered":"https:\/\/www.uv.mx\/coatza\/fispa\/?p=1607"},"modified":"2017-05-25T17:13:07","modified_gmt":"2017-05-25T22:13:07","slug":"nombramiento-de-director","status":"publish","type":"post","link":"https:\/\/www.uv.mx\/coatza\/fispa\/general\/nombramiento-de-director\/","title":{"rendered":"Nombramiento de Director"},"content":{"rendered":"<h3>Felicitaciones al M.C. Nayib Bechara Acar Mart\u00ednez por el nombramiento como director de la Facultad de Ingenier\u00eda en Sistemas de Producci\u00f3n Agropecuaria.<\/h3>\n<div id=\"attachment_1608\" style=\"width: 310px\" class=\"wp-caption alignnone\"><a href=\"https:\/\/www.uv.mx\/coatza\/fispa\/files\/2017\/01\/IMG_1196.jpg\"><img loading=\"lazy\" decoding=\"async\" aria-describedby=\"caption-attachment-1608\" class=\"wp-image-1608 size-medium\" src=\"https:\/\/www.uv.mx\/coatza\/fispa\/files\/2017\/01\/IMG_1196-300x224.jpg\" alt=\"Palabras del Vicerector Dr. Jorge Alberto Andaverde Arredondo\" width=\"300\" height=\"224\" srcset=\"https:\/\/www.uv.mx\/coatza\/fispa\/files\/2017\/01\/IMG_1196-300x224.jpg 300w, https:\/\/www.uv.mx\/coatza\/fispa\/files\/2017\/01\/IMG_1196-768x574.jpg 768w, https:\/\/www.uv.mx\/coatza\/fispa\/files\/2017\/01\/IMG_1196-1024x765.jpg 1024w\" sizes=\"auto, (max-width: 300px) 100vw, 300px\" \/><\/a><p id=\"caption-attachment-1608\" class=\"wp-caption-text\">Palabras del Vicerector <strong>Dr. Jorge Alberto Andaverde Arredondo<\/strong><\/p><\/div>\n<div id=\"attachment_1609\" style=\"width: 310px\" class=\"wp-caption alignnone\"><a href=\"https:\/\/www.uv.mx\/coatza\/fispa\/files\/2017\/01\/IMG_1202.jpg\"><img loading=\"lazy\" decoding=\"async\" aria-describedby=\"caption-attachment-1609\" class=\"wp-image-1609 size-medium\" src=\"https:\/\/www.uv.mx\/coatza\/fispa\/files\/2017\/01\/IMG_1202-300x224.jpg\" alt=\"Discurso de Agradecimiento por parte del M.C. Carlos Serna Garc\u00eda\" width=\"300\" height=\"224\" \/><\/a><p id=\"caption-attachment-1609\" class=\"wp-caption-text\">Discurso de Agradecimiento por parte del <strong>M.C. Carlos Serna Garc\u00eda<\/strong><\/p><\/div>\n<div id=\"attachment_1613\" style=\"width: 310px\" class=\"wp-caption alignnone\"><a href=\"https:\/\/www.uv.mx\/coatza\/fispa\/files\/2017\/01\/Toma-de-protesta.png\"><img loading=\"lazy\" decoding=\"async\" aria-describedby=\"caption-attachment-1613\" class=\"wp-image-1613 size-medium\" src=\"https:\/\/www.uv.mx\/coatza\/fispa\/files\/2017\/01\/Toma-de-protesta-300x147.png\" alt=\"Toma de protesta al M.C. Nayib Bechara Acar Mart\u00ednez\" width=\"300\" height=\"147\" srcset=\"https:\/\/www.uv.mx\/coatza\/fispa\/files\/2017\/01\/Toma-de-protesta-300x147.png 300w, https:\/\/www.uv.mx\/coatza\/fispa\/files\/2017\/01\/Toma-de-protesta-768x377.png 768w, https:\/\/www.uv.mx\/coatza\/fispa\/files\/2017\/01\/Toma-de-protesta-1024x502.png 1024w, https:\/\/www.uv.mx\/coatza\/fispa\/files\/2017\/01\/Toma-de-protesta.png 1623w\" sizes=\"auto, (max-width: 300px) 100vw, 300px\" \/><\/a><p id=\"caption-attachment-1613\" class=\"wp-caption-text\">Toma de protesta al<strong> M.C. Nayib Bechara Acar Mart\u00ednez<\/strong><\/p><\/div>\n<div id=\"attachment_1612\" style=\"width: 310px\" class=\"wp-caption alignnone\"><a href=\"https:\/\/www.uv.mx\/coatza\/fispa\/files\/2017\/01\/IMG_1211.jpg\"><img loading=\"lazy\" decoding=\"async\" aria-describedby=\"caption-attachment-1612\" class=\"wp-image-1612 size-medium\" src=\"https:\/\/www.uv.mx\/coatza\/fispa\/files\/2017\/01\/IMG_1211-300x224.jpg\" alt=\"img_1211\" width=\"300\" height=\"224\" srcset=\"https:\/\/www.uv.mx\/coatza\/fispa\/files\/2017\/01\/IMG_1211-300x224.jpg 300w, https:\/\/www.uv.mx\/coatza\/fispa\/files\/2017\/01\/IMG_1211-768x574.jpg 768w, https:\/\/www.uv.mx\/coatza\/fispa\/files\/2017\/01\/IMG_1211-1024x765.jpg 1024w\" sizes=\"auto, (max-width: 300px) 100vw, 300px\" \/><\/a><p id=\"caption-attachment-1612\" class=\"wp-caption-text\">Docentes, Administrativos y Estudiantes<\/p><\/div>\n<div id=\"attachment_1611\" style=\"width: 310px\" class=\"wp-caption alignnone\"><a href=\"https:\/\/www.uv.mx\/coatza\/fispa\/files\/2017\/01\/IMG_1209.jpg\"><img loading=\"lazy\" decoding=\"async\" aria-describedby=\"caption-attachment-1611\" class=\"wp-image-1611 size-medium\" src=\"https:\/\/www.uv.mx\/coatza\/fispa\/files\/2017\/01\/IMG_1209-300x224.jpg\" alt=\"img_1209\" width=\"300\" height=\"224\" srcset=\"https:\/\/www.uv.mx\/coatza\/fispa\/files\/2017\/01\/IMG_1209-300x224.jpg 300w, https:\/\/www.uv.mx\/coatza\/fispa\/files\/2017\/01\/IMG_1209-768x574.jpg 768w, https:\/\/www.uv.mx\/coatza\/fispa\/files\/2017\/01\/IMG_1209-1024x765.jpg 1024w\" sizes=\"auto, (max-width: 300px) 100vw, 300px\" \/><\/a><p id=\"caption-attachment-1611\" class=\"wp-caption-text\">Discurso de bienvenida por parte del Nuevo Director M.C. Nayib Bechara Acar Mart\u00ednez<\/p><\/div>\n<div id=\"attachment_1610\" style=\"width: 310px\" class=\"wp-caption alignnone\"><a href=\"https:\/\/www.uv.mx\/coatza\/fispa\/files\/2017\/01\/IMG_1208.jpg\"><img loading=\"lazy\" decoding=\"async\" aria-describedby=\"caption-attachment-1610\" class=\"wp-image-1610 size-medium\" src=\"https:\/\/www.uv.mx\/coatza\/fispa\/files\/2017\/01\/IMG_1208-300x224.jpg\" alt=\"img_1208\" width=\"300\" height=\"224\" srcset=\"https:\/\/www.uv.mx\/coatza\/fispa\/files\/2017\/01\/IMG_1208-300x224.jpg 300w, https:\/\/www.uv.mx\/coatza\/fispa\/files\/2017\/01\/IMG_1208-768x574.jpg 768w, https:\/\/www.uv.mx\/coatza\/fispa\/files\/2017\/01\/IMG_1208-1024x765.jpg 1024w\" sizes=\"auto, (max-width: 300px) 100vw, 300px\" \/><\/a><p id=\"caption-attachment-1610\" class=\"wp-caption-text\">Docentes participantes en toma de protesta de nuevo director.<\/p><\/div>\n","protected":false},"excerpt":{"rendered":"<p>Felicitaciones al M.C. Nayib Bechara Acar Mart\u00ednez por el nombramiento como director de la Facultad de Ingenier\u00eda en Sistemas de Producci\u00f3n Agropecuaria.<\/p>\n","protected":false},"author":8,"featured_media":1613,"comment_status":"closed","ping_status":"closed","sticky":false,"template":"","format":"standard","meta":{"ventana_nueva":"","tipo_url":"","url":"","extracto":"","imagen_halign":"","imagen_valign":"","bg_size":"","text_hide":"","media_url":"","tipo_media":"","video_url":"","video_pos":"","video_youtube":"","footnotes":""},"categories":[1],"tags":[],"class_list":["post-1607","post","type-post","status-publish","format-standard","has-post-thumbnail","hentry","category-general"],"_links":{"self":[{"href":"https:\/\/www.uv.mx\/coatza\/fispa\/wp-json\/wp\/v2\/posts\/1607","targetHints":{"allow":["GET"]}}],"collection":[{"href":"https:\/\/www.uv.mx\/coatza\/fispa\/wp-json\/wp\/v2\/posts"}],"about":[{"href":"https:\/\/www.uv.mx\/coatza\/fispa\/wp-json\/wp\/v2\/types\/post"}],"author":[{"embeddable":true,"href":"https:\/\/www.uv.mx\/coatza\/fispa\/wp-json\/wp\/v2\/users\/8"}],"replies":[{"embeddable":true,"href":"https:\/\/www.uv.mx\/coatza\/fispa\/wp-json\/wp\/v2\/comments?post=1607"}],"version-history":[{"count":0,"href":"https:\/\/www.uv.mx\/coatza\/fispa\/wp-json\/wp\/v2\/posts\/1607\/revisions"}],"wp:featuredmedia":[{"embeddable":true,"href":"https:\/\/www.uv.mx\/coatza\/fispa\/wp-json\/wp\/v2\/media\/1613"}],"wp:attachment":[{"href":"https:\/\/www.uv.mx\/coatza\/fispa\/wp-json\/wp\/v2\/media?parent=1607"}],"wp:term":[{"taxonomy":"category","embeddable":true,"href":"https:\/\/www.uv.mx\/coatza\/fispa\/wp-json\/wp\/v2\/categories?post=1607"},{"taxonomy":"post_tag","embeddable":true,"href":"https:\/\/www.uv.mx\/coatza\/fispa\/wp-json\/wp\/v2\/tags?post=1607"}],"curies":[{"name":"wp","href":"https:\/\/api.w.org\/{rel}","templated":true}]}}