{"id":120,"date":"2012-10-08T16:57:17","date_gmt":"2012-10-08T21:57:17","guid":{"rendered":"https:\/\/www.uv.mx\/coatza\/fispa\/?p=120"},"modified":"2012-10-09T18:44:03","modified_gmt":"2012-10-09T23:44:03","slug":"reglamento","status":"publish","type":"post","link":"https:\/\/www.uv.mx\/coatza\/fispa\/estancias-academicas\/reglamento\/","title":{"rendered":"Reglamento"},"content":{"rendered":"<p><strong>REGLAMENTO DEL PROGRAMA DE ESTANCIAS ACAD\u00c9MICAS<\/strong><\/p>\n<p><strong>Para estudiantes:<\/strong><\/p>\n<ol>\n<li>Participaran los estudiantes del primero al sexto periodo.<\/li>\n<li>Presentar documento de incorporaci\u00f3n al IMSS<\/li>\n<li>La participaci\u00f3n en las Estancias acad\u00e9micas son parte de la calificaci\u00f3n de las experiencias educativas en car\u00e1cter ordinario, extraordinario y t\u00edtulo.<\/li>\n<li>El porcentaje de cumplimiento en la asistencia, a\u00a0 las unidades de producci\u00f3n donde se realice la estancia es (80%), conforme a lo se\u00f1alado en el estatuto de los alumnos vigente.<\/li>\n<li>Los estudiantes tendr\u00e1n la responsabilidad de asistir a las unidades de producci\u00f3n asignada en el horario establecido, con un m\u00e1ximo de 8 horas diarias (40 horas a la semana).<\/li>\n<li>Dise\u00f1ar el plan de trabajo con base a la visita previa a la UP<\/li>\n<li>La participaci\u00f3n en Proyectos espec\u00edficos de investigaci\u00f3n debe cumplir con los requerimientos de la estancia acad\u00e9mica para cada periodo.<\/li>\n<li>Deber\u00e1n entregar una semana previa a la estancia la documentaci\u00f3n\u00a0 requerida: solicitud \/aceptaci\u00f3n a la UP, plan de trabajo, carta responsiva con copia de la credencial de elector del padre o tutor y copia del carnet de incorporaci\u00f3n al IMSS.<\/li>\n<li>Presentarse a los foros parciales para evaluar los avances de la estancia acad\u00e9mica.<\/li>\n<li>Presentarse y permanecer en foro final de estancias acad\u00e9micas.<\/li>\n<li>Las faltas cometidas en la unidad de producci\u00f3n, consideradas extensi\u00f3n de la Facultad de Ingenier\u00eda en Sistemas de Producci\u00f3n Agropecuaria, dar\u00e1n lugar a las sanciones previstas\u00a0 en el estatuto de los alumnos vigente y en la legislaci\u00f3n universitaria.<\/li>\n<\/ol>\n<p><strong>Para acad\u00e9micos<\/strong><\/p>\n<ol>\n<li>Asesorar al estudiante en la elaboraci\u00f3n del plan de trabajo,\u00a0 para las unidades de producci\u00f3n en las cuales realizaran su estancia acad\u00e9mica y apoyar la estructuraci\u00f3n de la presentaci\u00f3n al foro.<\/li>\n<li>En funci\u00f3n de las EE que imparte y al tipo de contrataci\u00f3n, asistir a las UP para asesorar a los estudiantes.<\/li>\n<li>Elaborar un reporte con los resultados de la visita a la UP, dando su opini\u00f3n sobre el desempe\u00f1o de los alumnos, el cual deber\u00e1 entregar a la coordinaci\u00f3n del Programa de estancias.<\/li>\n<li>\u00a0Presentarse y permanecer en las exposiciones del Foro, el d\u00eda y hora que formen parte del comit\u00e9 evaluador.<\/li>\n<li>\u00a0Las calificaciones que se generen del programa de estancias acad\u00e9micas, deber\u00e1n ser incorporadas a la evaluaci\u00f3n de las E.E. formando parte de la calificaci\u00f3n en un rango de 10-30 %.<\/li>\n<\/ol>\n<p><strong>Para la coordinaci\u00f3n de estancias<\/strong><\/p>\n<ol>\n<li>Responsable de la coordinaci\u00f3n operativa\u00a0 y log\u00edstica para el adecuado desarrollo del programa.<\/li>\n<li>Responsable de la planeaci\u00f3n y del desarrollo acad\u00e9mico del programa.<\/li>\n<li>Iniciado el semestre, publicar la calendarizaci\u00f3n y requisitos de las estancias acad\u00e9micas.<strong><\/strong><\/li>\n<li>Proporcionar a los acad\u00e9micos y estudiantes la base de datos de productores cooperantes actualizada.<\/li>\n<li>Gestionar ante la direcci\u00f3n dela Facultadlos oficios de comisi\u00f3n para los acad\u00e9micos que visitaran las unidades de producci\u00f3n.<\/li>\n<li>Gestionar la vinculaci\u00f3n oficial de las UP con la Facultad de Ingenier\u00eda en Sistemas de Producci\u00f3n Agropecuaria ante el departamento de Vinculaci\u00f3n regional.<\/li>\n<li>Recibir de los coordinadores por periodo el paquete de\u00a0 solicitudes de estancias ala UP, previamente autorizada\u00a0 por el productor,\u00a0 incorporaci\u00f3n al IMSS, la carta responsiva firmada\u00a0 y copia de la credencial de elector del padre o tutor.<\/li>\n<li>Publicar la calendarizaci\u00f3n del Foro de estancias acad\u00e9micas para cada periodo escolar, con tres d\u00edas h\u00e1biles a la fecha de exposici\u00f3n.<\/li>\n<li>Publicar las calificaciones del periodo de estancias, tres d\u00edas h\u00e1biles despu\u00e9s del foro.<\/li>\n<li>\u00a0Dar soluci\u00f3n a las eventualidades\u00a0 de su competencia.<\/li>\n<li>Canalizar a las instancias correspondientes, cualquier falta cometida por los estudiantes dentro del programa de estancias acad\u00e9micas.<\/li>\n<\/ol>\n","protected":false},"excerpt":{"rendered":"<p>REGLAMENTO DEL PROGRAMA DE ESTANCIAS ACAD\u00c9MICAS Para estudiantes: Participaran los estudiantes del primero al sexto periodo. Presentar documento de incorporaci\u00f3n al IMSS La participaci\u00f3n en las Estancias acad\u00e9micas son parte de la calificaci\u00f3n de las experiencias educativas en car\u00e1cter ordinario, extraordinario y t\u00edtulo. El porcentaje de cumplimiento en la asistencia, a\u00a0 las unidades de producci\u00f3n [&hellip;]<\/p>\n","protected":false},"author":8,"featured_media":0,"comment_status":"closed","ping_status":"closed","sticky":false,"template":"","format":"standard","meta":{"ventana_nueva":"","tipo_url":"","url":"","extracto":"","imagen_halign":"","imagen_valign":"","bg_size":"","text_hide":"","media_url":"","tipo_media":"","video_url":"","video_pos":"","video_youtube":"","footnotes":""},"categories":[8],"tags":[],"class_list":["post-120","post","type-post","status-publish","format-standard","hentry","category-estancias-academicas"],"_links":{"self":[{"href":"https:\/\/www.uv.mx\/coatza\/fispa\/wp-json\/wp\/v2\/posts\/120","targetHints":{"allow":["GET"]}}],"collection":[{"href":"https:\/\/www.uv.mx\/coatza\/fispa\/wp-json\/wp\/v2\/posts"}],"about":[{"href":"https:\/\/www.uv.mx\/coatza\/fispa\/wp-json\/wp\/v2\/types\/post"}],"author":[{"embeddable":true,"href":"https:\/\/www.uv.mx\/coatza\/fispa\/wp-json\/wp\/v2\/users\/8"}],"replies":[{"embeddable":true,"href":"https:\/\/www.uv.mx\/coatza\/fispa\/wp-json\/wp\/v2\/comments?post=120"}],"version-history":[{"count":0,"href":"https:\/\/www.uv.mx\/coatza\/fispa\/wp-json\/wp\/v2\/posts\/120\/revisions"}],"wp:attachment":[{"href":"https:\/\/www.uv.mx\/coatza\/fispa\/wp-json\/wp\/v2\/media?parent=120"}],"wp:term":[{"taxonomy":"category","embeddable":true,"href":"https:\/\/www.uv.mx\/coatza\/fispa\/wp-json\/wp\/v2\/categories?post=120"},{"taxonomy":"post_tag","embeddable":true,"href":"https:\/\/www.uv.mx\/coatza\/fispa\/wp-json\/wp\/v2\/tags?post=120"}],"curies":[{"name":"wp","href":"https:\/\/api.w.org\/{rel}","templated":true}]}}