{"id":7065,"date":"2024-06-04T10:42:44","date_gmt":"2024-06-04T15:42:44","guid":{"rendered":"https:\/\/www.uv.mx\/coatza\/ci\/?p=7065"},"modified":"2026-06-24T16:15:09","modified_gmt":"2026-06-24T22:15:09","slug":"cursos-intensivos","status":"publish","type":"post","link":"https:\/\/www.uv.mx\/coatza\/ci\/general\/cursos-intensivos\/","title":{"rendered":"Intensivos Verano 202688"},"content":{"rendered":"<header class=\"entry-header mb-4\">\n<h1 style=\"text-align: center\">Cursos Intensivos de Verano 2026<\/h1>\n<h2 class=\"entry-title\" style=\"text-align: center\"><span style=\"color: #3366ff\"><strong style=\"font-size: 16px\">Consulta la Convocatoria Oficial <a style=\"color: #3366ff\" href=\"https:\/\/www.uv.mx\/dcia\/files\/2026\/06\/ConvoIntenVerJunAgo26.pdf\">(Clic aqu\u00ed<\/a>)<\/strong><\/span><\/h2>\n<\/header>\n<div class=\"entry-content\">\n<div class=\"entry-content\">\n<p>A los interesados en inscribirse a los <strong>cursos intensivos presencial de verano<\/strong> en los diferentes Centros de Idiomas y Autoacceso,\u00a0<strong><span style=\"color: #008000\">del 22 de junio al 7 de agosto de 2026 <\/span><\/strong><em><span style=\"color: #000000\">(con intermedio vacacional del 13 al 31 de julio)<\/span><\/em><\/p>\n<\/div>\n<p>La inscripci\u00f3n en l\u00ednea ser\u00e1 los d\u00edas <span style=\"color: #0000ff\"><strong>11, 12 y del 15 al 17 de junio <\/strong><\/span>de 2026 de las<span style=\"color: #0000ff\">\u00a0<strong>9:00 a 15:00 hrs.<\/strong><\/span><\/p>\n<div class=\"entry-content\">\n<table style=\"height: 192px\" border=\"1\">\n<tbody>\n<tr style=\"height: 24px\">\n<td style=\"width: 831px;height: 24px;text-align: center\" colspan=\"7\"><span style=\"color: #800080\"><strong>O F E R T A CAMPUS COATZA<\/strong><\/span><\/td>\n<\/tr>\n<tr style=\"height: 24px\">\n<td style=\"width: 70px;height: 10px;text-align: center\"><strong>Sal\u00f3n<\/strong><\/td>\n<td style=\"width: 170px;height: 10px;text-align: center\"><strong>Curso<\/strong><\/td>\n<td style=\"width: 79px;height: 10px;text-align: center\"><strong>Nivel<\/strong><\/td>\n<td style=\"width: 138px;height: 10px;text-align: center\"><\/td>\n<td style=\"width: 80px;height: 10px;text-align: center\"><strong>Turno<\/strong><\/td>\n<td style=\"width: 122px;height: 10px;text-align: center\"><strong>Horario<\/strong><\/td>\n<td style=\"width: 172px;height: 10px;text-align: center\"><strong>Modalidad<\/strong><\/td>\n<\/tr>\n<tr style=\"height: 24px\">\n<td style=\"width: 70px;height: 24px;text-align: center\">Aula-1<\/td>\n<td style=\"width: 170px;height: 24px;text-align: center\">Ingl\u00e9s B\u00e1sico 100<\/td>\n<td style=\"width: 79px;height: 24px;text-align: center\">IBAS-101<\/td>\n<td style=\"width: 138px;height: 24px;text-align: center\">Lunes a Viernes<\/td>\n<td style=\"width: 80px;height: 24px;text-align: center\">Matutino<\/td>\n<td style=\"width: 122px;height: 24px;text-align: center\">09:00-12:45<\/td>\n<td style=\"width: 172px;height: 24px;text-align: center\">Presencial<\/td>\n<\/tr>\n<tr style=\"height: 24px\">\n<td style=\"width: 70px;height: 27px;text-align: center\">Aula-2<\/td>\n<td style=\"width: 170px;height: 27px;text-align: center\">Ingl\u00e9s B\u00e1sico 200<\/td>\n<td style=\"width: 79px;height: 27px;text-align: center\">IBAS-201<\/td>\n<td style=\"width: 138px;height: 27px;text-align: center\">Lunes a Viernes<\/td>\n<td style=\"width: 80px;height: 27px;text-align: center\">Matutino<\/td>\n<td style=\"width: 122px;height: 27px;text-align: center\">09:00-12:45<\/td>\n<td style=\"width: 172px;height: 27px;text-align: center\">Presencial<\/td>\n<\/tr>\n<tr style=\"height: 24px\">\n<td style=\"width: 70px;height: 24px;text-align: center\">Aula-3<\/td>\n<td style=\"width: 170px;height: 24px;text-align: center\">Ingl\u00e9s B\u00e1sico 300<\/td>\n<td style=\"width: 79px;height: 24px;text-align: center\">IBAS-301<\/td>\n<td style=\"width: 138px;height: 24px;text-align: center\">Lunes a Viernes<\/td>\n<td style=\"width: 80px;height: 24px;text-align: center\">Vespertino<\/td>\n<td style=\"width: 122px;height: 24px;text-align: center\">14:00-17:45<\/td>\n<td style=\"width: 172px;height: 24px;text-align: center\">Presencial<\/td>\n<\/tr>\n<tr style=\"height: 24px\">\n<td style=\"width: 70px;height: 24px;text-align: center\">Aula-3<\/td>\n<td style=\"width: 170px;height: 24px;text-align: center\">Ingl\u00e9s B\u00e1sico 300<\/td>\n<td style=\"width: 79px;height: 24px;text-align: center\">IBAS-302<\/td>\n<td style=\"width: 138px;height: 24px;text-align: center\">Lunes a Viernes<\/td>\n<td style=\"width: 80px;height: 24px;text-align: center\">Vespertino<\/td>\n<td style=\"width: 122px;height: 24px;text-align: center\">14:00-17:45<\/td>\n<td style=\"width: 172px;height: 24px;text-align: center\">Presencial<\/td>\n<\/tr>\n<tr style=\"height: 24px\">\n<td style=\"width: 70px;height: 24px;text-align: center\">Aula-4<\/td>\n<td style=\"width: 170px;height: 24px;text-align: center\">Ingl\u00e9s Intermedio 100<\/td>\n<td style=\"width: 79px;height: 24px;text-align: center\">IINT-401<\/td>\n<td style=\"width: 138px;height: 24px;text-align: center\">Lunes a Viernes<\/td>\n<td style=\"width: 80px;height: 24px;text-align: center\">Vespertino<\/td>\n<td style=\"width: 122px;height: 24px;text-align: center\">16:00-19:45<\/td>\n<td style=\"width: 172px;height: 24px;text-align: center\">Presencial<\/td>\n<\/tr>\n<tr style=\"height: 24px\">\n<td style=\"width: 70px;height: 24px;text-align: center\">Aula-4<\/td>\n<td style=\"width: 170px;height: 24px;text-align: center\">Ingl\u00e9s Intermedio 100<\/td>\n<td style=\"width: 79px;height: 24px;text-align: center\">IINT-402<\/td>\n<td style=\"width: 138px;height: 24px;text-align: center\">Lunes a Viernes<\/td>\n<td style=\"width: 80px;height: 24px;text-align: center\">Vespertino<\/td>\n<td style=\"width: 122px;height: 24px;text-align: center\">14:00-17:45<\/td>\n<td style=\"width: 172px;height: 24px;text-align: center\">Presencial<\/td>\n<\/tr>\n<tr style=\"height: 24px\">\n<td style=\"width: 831px;text-align: center;height: 24px\" colspan=\"7\"><span style=\"color: #800080\"><strong>O F E R T A CAMPUS MINA<\/strong><\/span><\/td>\n<\/tr>\n<tr style=\"height: 24px\">\n<td style=\"width: 70px;height: 43px;text-align: center\" rowspan=\"2\">Aula-1<\/td>\n<td style=\"width: 170px;height: 43px;text-align: center\" rowspan=\"2\">Ingl\u00e9s B\u00e1sico 100<\/td>\n<td style=\"width: 79px;height: 43px;text-align: center\" rowspan=\"2\">IBAS-102<\/td>\n<td style=\"width: 138px;height: 33px;text-align: center\">Lunes y Mi\u00e9rcoles<\/td>\n<td style=\"width: 80px;height: 43px;text-align: center\" rowspan=\"2\">Matutino<\/td>\n<td style=\"width: 122px;height: 33px;text-align: center\"><span style=\"color: #000000\">10:30-14:15<\/span><\/td>\n<td style=\"width: 172px;height: 43px;text-align: center\" rowspan=\"2\">Presencial<\/td>\n<\/tr>\n<tr style=\"height: 10px\">\n<td style=\"width: 138px;text-align: center;height: 10px\">Martes, Jueves y Viernes<\/td>\n<td style=\"width: 122px;text-align: center;height: 10px\"><span style=\"color: #000000\">9:00-12:45<\/span><\/td>\n<\/tr>\n<tr style=\"height: 24px\">\n<td style=\"width: 70px;height: 10px;text-align: center\">Aula-2<\/td>\n<td style=\"width: 170px;height: 10px;text-align: center\">Ingl\u00e9s B\u00e1sico 200<\/td>\n<td style=\"width: 79px;height: 10px;text-align: center\">IBAS-202<\/td>\n<td style=\"width: 138px;height: 10px;text-align: center\">Lunes a Viernes<\/td>\n<td style=\"width: 80px;height: 10px;text-align: center\">Matutino<\/td>\n<td style=\"width: 122px;height: 10px;text-align: center\"><span style=\"color: #000000\">09:00-12:45<\/span><\/td>\n<td style=\"width: 172px;height: 10px;text-align: center\">Presencial<\/td>\n<\/tr>\n<tr style=\"height: 24px\">\n<td style=\"text-align: center;height: 24px;width: 831px\" colspan=\"7\"><span style=\"color: #000000\"><strong>Cuota de Inscripci\u00f3n: $ 1,400.00 (Mil cuatro cientos pesos 00\/100 M.N)<\/strong><\/span><\/td>\n<\/tr>\n<tr style=\"height: 24px\">\n<td style=\"width: 831px;text-align: center;height: 24px\" colspan=\"7\"><span style=\"color: #800080\"><strong>Inicio de clases: 22 de junio, en el horario y campus inscrito.<\/strong><\/span><\/td>\n<\/tr>\n<\/tbody>\n<\/table>\n<\/div>\n<\/div>\n<p>&nbsp;<\/p>\n<table style=\"border-collapse: collapse;width: 100%\" border=\"1\">\n<tbody>\n<tr>\n<td style=\"width: 50%\" colspan=\"2\">\n<h3 style=\"text-align: center\"><span style=\"color: #993300\"><strong>De acuerdo al tipo de solicitante, da clic.<\/strong><\/span><\/h3>\n<\/td>\n<\/tr>\n<tr>\n<td style=\"width: 50%;text-align: center\">\n<h2><strong><span style=\"color: #0000ff\"><a style=\"color: #0000ff\" href=\"https:\/\/www.uv.mx\/coatza\/ci\/general\/intensivo-verano-nuevo-ingreso\/\">Nuevo Ingreso<\/a><\/span><\/strong><\/h2>\n<\/td>\n<td style=\"width: 50%;text-align: center\">\n<h2><strong><span style=\"color: #008000\"><a style=\"color: #008000\" href=\"https:\/\/www.uv.mx\/coatza\/ci\/general\/alumno-con-matricula-intensivo-verano-2025\/\">Alumnos con Matr\u00edcula<\/a><\/span><\/strong><\/h2>\n<\/td>\n<\/tr>\n<\/tbody>\n<\/table>\n<p>&nbsp;<\/p>\n<p>&nbsp;<\/p>\n","protected":false},"excerpt":{"rendered":"<p>Cursos Intensivos de Verano 2026 Consulta la Convocatoria Oficial (Clic aqu\u00ed) A los interesados en inscribirse a los cursos intensivos presencial de verano en los diferentes Centros de Idiomas y Autoacceso,\u00a0del 22 de junio al 7 de agosto de 2026 (con intermedio vacacional del 13 al 31 de julio) La inscripci\u00f3n en l\u00ednea ser\u00e1 los [&hellip;]<\/p>\n","protected":false},"author":102,"featured_media":0,"comment_status":"closed","ping_status":"closed","sticky":false,"template":"","format":"standard","meta":{"ventana_nueva":"","tipo_url":"","url":"","extracto":"","imagen_halign":"","imagen_valign":"","bg_size":"","text_hide":"","media_url":"","tipo_media":"","video_url":"","video_pos":"","video_youtube":"","footnotes":""},"categories":[1],"tags":[],"class_list":["post-7065","post","type-post","status-publish","format-standard","hentry","category-general"],"_links":{"self":[{"href":"https:\/\/www.uv.mx\/coatza\/ci\/wp-json\/wp\/v2\/posts\/7065","targetHints":{"allow":["GET"]}}],"collection":[{"href":"https:\/\/www.uv.mx\/coatza\/ci\/wp-json\/wp\/v2\/posts"}],"about":[{"href":"https:\/\/www.uv.mx\/coatza\/ci\/wp-json\/wp\/v2\/types\/post"}],"author":[{"embeddable":true,"href":"https:\/\/www.uv.mx\/coatza\/ci\/wp-json\/wp\/v2\/users\/102"}],"replies":[{"embeddable":true,"href":"https:\/\/www.uv.mx\/coatza\/ci\/wp-json\/wp\/v2\/comments?post=7065"}],"version-history":[{"count":4,"href":"https:\/\/www.uv.mx\/coatza\/ci\/wp-json\/wp\/v2\/posts\/7065\/revisions"}],"predecessor-version":[{"id":8058,"href":"https:\/\/www.uv.mx\/coatza\/ci\/wp-json\/wp\/v2\/posts\/7065\/revisions\/8058"}],"wp:attachment":[{"href":"https:\/\/www.uv.mx\/coatza\/ci\/wp-json\/wp\/v2\/media?parent=7065"}],"wp:term":[{"taxonomy":"category","embeddable":true,"href":"https:\/\/www.uv.mx\/coatza\/ci\/wp-json\/wp\/v2\/categories?post=7065"},{"taxonomy":"post_tag","embeddable":true,"href":"https:\/\/www.uv.mx\/coatza\/ci\/wp-json\/wp\/v2\/tags?post=7065"}],"curies":[{"name":"wp","href":"https:\/\/api.w.org\/{rel}","templated":true}]}}