{"id":6531,"date":"2023-04-21T16:26:43","date_gmt":"2023-04-21T21:26:43","guid":{"rendered":"https:\/\/www.uv.mx\/coatza\/ci\/?p=6531"},"modified":"2023-05-31T17:16:47","modified_gmt":"2023-05-31T22:16:47","slug":"italiano-inicial-ii-en-linea","status":"publish","type":"post","link":"https:\/\/www.uv.mx\/coatza\/ci\/general\/italiano-inicial-ii-en-linea\/","title":{"rendered":"Italiano inicial II en l\u00ednea"},"content":{"rendered":"<header class=\"entry-header mb-4\">\n<p class=\"entry-title\"><span style=\"font-size: 16px\">El curso de Italiano Inicial II en L\u00ednea se dise\u00f1\u00f3 para la comunidad universitaria, as\u00ed como para el p\u00fablico en general que est\u00e9 interesado en aprender esta lengua romance, su cultura, as\u00ed como de los elementos b\u00e1sicos necesarios para poder comunicarse en diversos ambientes de habla italiana.<\/span><\/p>\n<\/header>\n<div class=\"entry-content\">\n<div class=\"entry-content\">\n<p>La metodolog\u00eda de trabajo ser\u00e1 totalmente en l\u00ednea por medio de la plataforma Zoom para las sesiones sincr\u00f3nicas y la plataforma EMINUS 4, plataforma propiedad de la Universidad Veracruzana y la cual ser\u00e1 utilizada para la entrega de evidencias de desempe\u00f1o. Dentro de la plataforma se promover\u00e1 el dialogo escrito, as\u00ed como el intercambio de ideas a trav\u00e9s de foros de interacci\u00f3n entre los estudiantes.<\/p>\n<p>El medio de comunicaci\u00f3n ser\u00e1 por medio del correo electr\u00f3nico del instructor <a href=\"mailto:sergramirez@uv.mx\">sergramirez@uv.mx<\/a>, as\u00ed como de un grupo de WhatsApp una vez que el grupo est\u00e9 conformado en su totalidad.<\/p>\n<p>Informaci\u00f3n adicional del instructor:<\/p>\n<p><strong>Mtro. Sergio Adri\u00e1n Ram\u00edrez Torres<\/strong><\/p>\n<p><strong>Centro de Idiomas de la Universidad Veracruzana<\/strong><\/p>\n<p><a href=\"mailto:ssergramirez@uv.mx\"><strong>sergramirez@uv.mx<\/strong><\/a><\/p>\n<ul>\n<li>Licenciado en idiomas por el Instituto de Estudios Superiores Anglo Mexicano, Maestro en Educaci\u00f3n por la Universidad Interamericana para el Desarrollo (UNID) y actualmente pasante de la Maestr\u00eda en Innovaci\u00f3n y Tecnolog\u00eda Educativa por el Instituto de Estudios Universitarios (IEU). Cuenta con las certificaciones del idioma ingl\u00e9s EXAVER 3 nivel B2 y Cambridge Nivel B1, adem\u00e1s de las certificaciones PLIDA C1 de italiano, DIPLE B2 de portugu\u00e9s y DELF B1 de franc\u00e9s.<\/li>\n<li>Ha laborado en el Centro de Idiomas de la Universidad Veracruzana campus Coatzacoalcos desde el a\u00f1o 2015, como docente de cursos de ingl\u00e9s 4 habilidades, ingl\u00e9s multimodal, ingl\u00e9s para el AFBG, portugu\u00e9s, italiano y franc\u00e9s. Es traductor y revisor de los idiomas antes mencionados adem\u00e1s de ser aplicador del examen de certificaci\u00f3n del idioma ingl\u00e9s, EXAVER 1 y 2.<\/li>\n<\/ul>\n<p>Ha sido Coordinador Regional de las Academias de Italiano y Portugu\u00e9s del Centro de Idiomas, adem\u00e1s de coordinar la Academia Estatal de Portugu\u00e9s para los Centros de Idiomas de la Universidad Veracruzana.\u00a0Actualmente funge como Docente &#8211; Enlace de Promoci\u00f3n a la Salud y Docente-Enlace de Vinculaci\u00f3n del Centro de Idiomas.<\/p>\n<table width=\"661\">\n<tbody>\n<tr>\n<td>\u00a0Objetivo:<\/td>\n<td>\n<p class=\"paragraph\">Proporcionar a los alumnos, los aspectos gramaticales, l\u00e9xicos, fon\u00e9ticos y socioculturales que les permitan desarrollar sus habilidades de comprensi\u00f3n y producci\u00f3n escrita y ora en pa\u00edses de habla italiana.<\/p>\n<\/td>\n<\/tr>\n<tr>\n<td>Dirigido a:<\/td>\n<td>Comunidad universitaria y p\u00fablico en general<\/td>\n<\/tr>\n<tr>\n<td>Temario:<\/td>\n<td width=\"567\">Unidad 1: Che lavoro fai?<\/p>\n<ul>\n<li>Profesiones<\/li>\n<li>Lugares de trabajo<\/li>\n<li>La familia<\/li>\n<li>Presente del verbo \u201cAvere\u201d<\/li>\n<li>Presente del verbo \u201cFare\u201d<\/li>\n<\/ul>\n<p>Unidad 2: Un giorno in famiglia<\/p>\n<ul>\n<li>Verbos reflexivos<\/li>\n<li>Adverbios de tiempo<\/li>\n<li>Adverbios de frecuencia<\/li>\n<li>Los dias de la semana<\/li>\n<li>Las partes del d\u00eda<\/li>\n<li>Preposiciones articuladas<\/li>\n<\/ul>\n<p>Unidad 3: A scuola di italiano<\/p>\n<ul>\n<li>C\u2019e y Ci sono<\/li>\n<li>Los meses del a\u00f1o<\/li>\n<li>Las estaciones de a\u00f1o<\/li>\n<li>Las fechas<\/li>\n<\/ul>\n<p>Unidad 4: Nel tempo libero<\/p>\n<ul>\n<li>Verbo piacere<\/li>\n<li>Pronombres indirectos<\/li>\n<li>Anche \/ neanche<\/li>\n<li>Presente progresivo<\/li>\n<li>Expresiones de acuerdo y desacuerdo<\/li>\n<li>Las fiestas italianas<\/li>\n<\/ul>\n<\/td>\n<\/tr>\n<tr>\n<td>Duraci\u00f3n:<\/td>\n<td>20 horas distribuidas en diez semanas en l\u00ednea a trav\u00e9s de la plataforma Zoom a partir del 17 de mayo al 26 de julio de 2023, los d\u00edas lunes y mi\u00e9rcoles de 20:00 a 21:00.<\/td>\n<\/tr>\n<tr>\n<td>Costo:<\/td>\n<td width=\"562\">El costo es de $712.00 (Incluye: Inscripci\u00f3n $150.00, constancia de culminaci\u00f3n $12.00 y el importe de la cuota de recuperaci\u00f3n $550.00) dicho importe se hace en un solo pago y en una l\u00ednea de captura..<\/td>\n<\/tr>\n<tr>\n<td>Requisitos:<\/td>\n<td>Los siguientes documentos escaneados en un solo archivo PDF<\/p>\n<ul>\n<li>Acta de nacimiento.<\/li>\n<li>CURP<\/li>\n<li>Identificaci\u00f3n con foto.<\/li>\n<li>Orden de pago.<\/li>\n<li>Comprobante bancario.<\/li>\n<\/ul>\n<\/td>\n<\/tr>\n<tr>\n<td>Informes:<\/td>\n<td>\n<p>Correo: <span style=\"color: #FFFFFF\"><span style=\"color: #050505\"><a href=\"mailto:cicoatza@uv.mx\">cicoatza@uv.mx<\/a><\/span><\/span><\/p>\n<p>Tel\u00e9fono: (921) 211 57 01<\/p>\n<p>Conmutador: 921 211 5700 Ext. 55701, 51200 y 51203<\/p>\n<p>P\u00e1gina www.uv.mx\/coatza\/ci<\/p>\n<p><strong>Facebook.com\/centrodeidiomas.coatzamina<\/strong><\/td>\n<\/tr>\n<tr>\n<td>Inscripciones:<\/td>\n<td>\n<p>Del 26 de abril al 12 de mayo de 2023.<\/p>\n<p><a href=\"https:\/\/forms.gle\/DjwJ3shXXWVfXNucA\">Inscr\u00edbete aqu\u00ed<\/a><\/p>\n<p>Constancia con valor curricular de 20 horas, expedida por el departamento de Educaci\u00f3n Continua de la Universidad Veracruzana con Clave acad\u00e9mica: CEC-115-23<\/td>\n<\/tr>\n<\/tbody>\n<\/table>\n<p>&nbsp;<\/p>\n<\/div>\n<\/div>\n","protected":false},"excerpt":{"rendered":"<p>El curso de Italiano Inicial II en L\u00ednea se dise\u00f1\u00f3 para la comunidad universitaria, as\u00ed como para el p\u00fablico en general que est\u00e9 interesado en aprender esta lengua romance, su cultura, as\u00ed como de los elementos b\u00e1sicos necesarios para poder comunicarse en diversos ambientes de habla italiana. La metodolog\u00eda de trabajo ser\u00e1 totalmente en l\u00ednea [&hellip;]<\/p>\n","protected":false},"author":102,"featured_media":0,"comment_status":"closed","ping_status":"closed","sticky":false,"template":"","format":"standard","meta":{"ventana_nueva":"","tipo_url":"","url":"","extracto":"","imagen_halign":"","imagen_valign":"","bg_size":"","text_hide":"","media_url":"","tipo_media":"","video_url":"","video_pos":"","video_youtube":"","footnotes":""},"categories":[1],"tags":[],"class_list":["post-6531","post","type-post","status-publish","format-standard","hentry","category-general"],"_links":{"self":[{"href":"https:\/\/www.uv.mx\/coatza\/ci\/wp-json\/wp\/v2\/posts\/6531","targetHints":{"allow":["GET"]}}],"collection":[{"href":"https:\/\/www.uv.mx\/coatza\/ci\/wp-json\/wp\/v2\/posts"}],"about":[{"href":"https:\/\/www.uv.mx\/coatza\/ci\/wp-json\/wp\/v2\/types\/post"}],"author":[{"embeddable":true,"href":"https:\/\/www.uv.mx\/coatza\/ci\/wp-json\/wp\/v2\/users\/102"}],"replies":[{"embeddable":true,"href":"https:\/\/www.uv.mx\/coatza\/ci\/wp-json\/wp\/v2\/comments?post=6531"}],"version-history":[{"count":2,"href":"https:\/\/www.uv.mx\/coatza\/ci\/wp-json\/wp\/v2\/posts\/6531\/revisions"}],"predecessor-version":[{"id":6607,"href":"https:\/\/www.uv.mx\/coatza\/ci\/wp-json\/wp\/v2\/posts\/6531\/revisions\/6607"}],"wp:attachment":[{"href":"https:\/\/www.uv.mx\/coatza\/ci\/wp-json\/wp\/v2\/media?parent=6531"}],"wp:term":[{"taxonomy":"category","embeddable":true,"href":"https:\/\/www.uv.mx\/coatza\/ci\/wp-json\/wp\/v2\/categories?post=6531"},{"taxonomy":"post_tag","embeddable":true,"href":"https:\/\/www.uv.mx\/coatza\/ci\/wp-json\/wp\/v2\/tags?post=6531"}],"curies":[{"name":"wp","href":"https:\/\/api.w.org\/{rel}","templated":true}]}}