{"id":4947,"date":"2021-09-19T22:44:46","date_gmt":"2021-09-20T03:44:46","guid":{"rendered":"https:\/\/www.uv.mx\/coatza\/ci\/?p=4947"},"modified":"2022-04-01T13:13:53","modified_gmt":"2022-04-01T19:13:53","slug":"reportes-academicos","status":"publish","type":"post","link":"https:\/\/www.uv.mx\/coatza\/ci\/acad\/reportes-academicos\/","title":{"rendered":"Reportes acad\u00e9micos"},"content":{"rendered":"<h2><strong>Reportes<\/strong><\/h2>\n<p><span style=\"color: #339966\">Actualizaci\u00f3n al 01 de abril de 2022.<\/span><\/p>\n<h3><span style=\"color: #0000ff\"><strong>Estimados docentes de todo tipo de contrataci\u00f3n, <\/strong><\/span><\/h3>\n<p>Por indicaciones de la Secretar\u00eda Acad\u00e9mica, deber\u00e1n llenar el reporte que aparece en su portal MiUV, cada reporte engloba los grupos que imparten, adjunto pantalla para facilitar su ubicaci\u00f3n:<\/p>\n<p>Los periodos de llenado son los siguientes:<\/p>\n<p>\u2705 Reporte 1: del 2 de febrero al 09 de abril.<\/p>\n<p>\u2705 Reporte 2: del 18 de abril al 14 de mayo.<\/p>\n<p>\u2705 Reporte 3: 16 de mayo al 6 de junio.<\/p>\n<p>\u2611\ufe0f Reporte \u00fanico, en el caso de los acad\u00e9micos que imparten experiencias educativas en planes de estudios en modalidades abierta y virtual se activa un reporte global por secci\u00f3n impartida al concluir el bloque respectivo.<\/p>\n<h3><span style=\"color: #0000ff\"><strong>Estimados docentes que imparten secciones de AFBG en facultades, CI y Centros de Autoacceso,<\/strong><\/span><\/h3>\n<p>Por indicaciones de la Mtra. Luz del Carmen, Directora del AFBG, deber\u00e1n llenar el siguiente formulario:<\/p>\n<p><a href=\"https:\/\/forms.office.com\/Pages\/ResponsePage.aspx?id=UXaQPMbYpkyopGokJDDmU9Ek9bFTvBRGnMNSHEUC8ktUMjNBTEZFMThLVkkxWkpGNVVDUkJYWk1CTi4u\">https:\/\/forms.office.com\/Pages\/ResponsePage.aspx?id=UXaQPMbYpkyopGokJDDmU9Ek9bFTvBRGnMNSHEUC8ktUMjNBTEZFMThLVkkxWkpGNVVDUkJYWk1CTi4u<\/a><\/p>\n<p>que comprende el periodo de trabajo del 2 de febrero al 3 de abril de 2022, la fecha de llenado es del 28 de marzo al 4 de abril de 2022.<\/p>\n<p>&nbsp;<\/p>\n<hr \/>\n<h3><span style=\"color: #0000ff\">Estimados docentes, t\u00e9cnicos e instructoras acad\u00e9micos.<\/span><\/h3>\n<p>Con base en el comunicado de la Universidad Veracruzana emitido el 18 de enero, se establece que: El registro de asistencia inherente a la actividad principal de los docentes, investigadores, ejecutantes, t\u00e9cnicos acad\u00e9micos y acad\u00e9micos-instructores, ser\u00e1 determinado por los titulares de las entidades acad\u00e9micas. Es por ello que para reportar la atenci\u00f3n de los grupos que se imparten a distancia deber\u00e1n llenar reportes de forma quincenal en los siguientes periodos:<\/p>\n<table>\n<tbody>\n<tr>\n<td width=\"94\"><strong>Mes\u00a0<\/strong><\/td>\n<td width=\"246\"><strong>Quincena\u00a0<\/strong><\/td>\n<td width=\"189\"><strong>Llenar reporte a m\u00e1s tardar\u00a0<\/strong><\/td>\n<\/tr>\n<tr>\n<td rowspan=\"2\" width=\"94\"><strong>Febrero\u00a0<\/strong><\/td>\n<td width=\"246\">1.\u00a0\u00a0\u00a0 Del 1 al 15 de febrero<\/td>\n<td width=\"189\">19 de febrero<\/td>\n<\/tr>\n<tr>\n<td width=\"246\">2.\u00a0\u00a0\u00a0 Del 16 al 28 de febrero<\/td>\n<td width=\"189\">2 de marzo<\/td>\n<\/tr>\n<tr>\n<td rowspan=\"2\" width=\"94\"><strong>Marzo\u00a0<\/strong><\/td>\n<td width=\"246\">3.\u00a0\u00a0\u00a0 Del 1 al 15 de marzo<\/td>\n<td width=\"189\">17 de marzo<\/td>\n<\/tr>\n<tr>\n<td width=\"246\">4.\u00a0\u00a0\u00a0 Del 16 al 31 de marzo<\/td>\n<td width=\"189\">2 de abril<\/td>\n<\/tr>\n<tr>\n<td rowspan=\"2\" width=\"94\"><strong>Abril\u00a0<\/strong><\/td>\n<td width=\"246\">5.\u00a0\u00a0\u00a0 Del 1 al 15 de abril<\/td>\n<td width=\"189\">17 de abril<\/td>\n<\/tr>\n<tr>\n<td width=\"246\">6.\u00a0\u00a0\u00a0 Del 16 al 30 de abril<\/td>\n<td width=\"189\">2 de mayo<\/td>\n<\/tr>\n<tr>\n<td rowspan=\"2\" width=\"94\"><strong>Mayo\u00a0<\/strong><\/td>\n<td width=\"246\">7.\u00a0\u00a0\u00a0 Del 1 al 15 de mayo<\/td>\n<td width=\"189\">17 de mayo<\/td>\n<\/tr>\n<tr>\n<td width=\"246\">8.\u00a0\u00a0\u00a0 Del 16 al 31 de mayo<\/td>\n<td width=\"189\">2 de junio<\/td>\n<\/tr>\n<tr>\n<td rowspan=\"2\" width=\"94\"><strong>Junio\u00a0<\/strong><\/td>\n<td width=\"246\">9.\u00a0\u00a0\u00a0 Del 1 al 15 de junio<\/td>\n<td width=\"189\">17 de junio<\/td>\n<\/tr>\n<tr>\n<td width=\"246\">10.Del 16 al 30 de junio<\/td>\n<td width=\"189\">2 de julio<\/td>\n<\/tr>\n<tr>\n<td width=\"94\"><strong>Julio\u00a0<\/strong><\/td>\n<td width=\"246\">11.Del 1 al 8 de julio<\/td>\n<td width=\"189\">7 de julio<\/td>\n<\/tr>\n<\/tbody>\n<\/table>\n<p>&nbsp;<\/p>\n<p>El llenado de los reportes se realizar\u00e1 a trav\u00e9s de un formulario, deber\u00e1n llenar el formulario que corresponda seg\u00fan las experiencias que impartan o las actividades que realicen:<\/p>\n<p>Centro de Idiomas y AFBG Facultades<\/p>\n<table>\n<tbody>\n<tr>\n<td width=\"246\">Centro de Adscripci\u00f3n<\/td>\n<td width=\"284\">Enlace al formulario<\/td>\n<\/tr>\n<tr>\n<td width=\"246\">Centro de Idiomas y AFBG facultades<\/td>\n<td width=\"284\"><a href=\"https:\/\/forms.office.com\/r\/x30Z3BnMkq\">https:\/\/forms.office.com\/r\/x30Z3BnMkq<\/a><\/td>\n<\/tr>\n<tr>\n<td width=\"246\">Docentes Centro de Autoacceso<\/td>\n<td width=\"284\"><a href=\"https:\/\/forms.office.com\/r\/tBNX9yjdpC\">https:\/\/forms.office.com\/r\/tBNX9yjdpC<\/a><\/td>\n<\/tr>\n<tr>\n<td width=\"246\">T\u00e9cnicos e instructoras acad\u00e9micos<\/td>\n<td width=\"284\"><a href=\"https:\/\/forms.office.com\/r\/P0nyf2HhvB\">https:\/\/forms.office.com\/r\/P0nyf2HhvB<\/a><\/td>\n<\/tr>\n<\/tbody>\n<\/table>\n<p>&nbsp;<\/p>\n<p>Es importante resaltar que quienes imparten secciones presenciales no deber\u00e1n incluirlas en el reporte ya que se llena un registro manuscrito.<\/p>\n","protected":false},"excerpt":{"rendered":"<p>Reportes Actualizaci\u00f3n al 01 de abril de 2022. Estimados docentes de todo tipo de contrataci\u00f3n, Por indicaciones de la Secretar\u00eda Acad\u00e9mica, deber\u00e1n llenar el reporte que aparece en su portal MiUV, cada reporte engloba los grupos que imparten, adjunto pantalla para facilitar su ubicaci\u00f3n: Los periodos de llenado son los siguientes: \u2705 Reporte 1: del [&hellip;]<\/p>\n","protected":false},"author":102,"featured_media":0,"comment_status":"closed","ping_status":"closed","sticky":false,"template":"","format":"standard","meta":{"ventana_nueva":"","tipo_url":"","url":"","extracto":"","imagen_halign":"","imagen_valign":"","bg_size":"","text_hide":"","media_url":"","tipo_media":"","video_url":"","video_pos":"","video_youtube":"","footnotes":""},"categories":[40],"tags":[],"class_list":["post-4947","post","type-post","status-publish","format-standard","hentry","category-acad"],"_links":{"self":[{"href":"https:\/\/www.uv.mx\/coatza\/ci\/wp-json\/wp\/v2\/posts\/4947","targetHints":{"allow":["GET"]}}],"collection":[{"href":"https:\/\/www.uv.mx\/coatza\/ci\/wp-json\/wp\/v2\/posts"}],"about":[{"href":"https:\/\/www.uv.mx\/coatza\/ci\/wp-json\/wp\/v2\/types\/post"}],"author":[{"embeddable":true,"href":"https:\/\/www.uv.mx\/coatza\/ci\/wp-json\/wp\/v2\/users\/102"}],"replies":[{"embeddable":true,"href":"https:\/\/www.uv.mx\/coatza\/ci\/wp-json\/wp\/v2\/comments?post=4947"}],"version-history":[{"count":3,"href":"https:\/\/www.uv.mx\/coatza\/ci\/wp-json\/wp\/v2\/posts\/4947\/revisions"}],"predecessor-version":[{"id":5417,"href":"https:\/\/www.uv.mx\/coatza\/ci\/wp-json\/wp\/v2\/posts\/4947\/revisions\/5417"}],"wp:attachment":[{"href":"https:\/\/www.uv.mx\/coatza\/ci\/wp-json\/wp\/v2\/media?parent=4947"}],"wp:term":[{"taxonomy":"category","embeddable":true,"href":"https:\/\/www.uv.mx\/coatza\/ci\/wp-json\/wp\/v2\/categories?post=4947"},{"taxonomy":"post_tag","embeddable":true,"href":"https:\/\/www.uv.mx\/coatza\/ci\/wp-json\/wp\/v2\/tags?post=4947"}],"curies":[{"name":"wp","href":"https:\/\/api.w.org\/{rel}","templated":true}]}}