{"id":2858,"date":"2019-02-28T07:24:25","date_gmt":"2019-02-28T13:24:25","guid":{"rendered":"https:\/\/www.uv.mx\/coatza\/ci\/?p=2858"},"modified":"2019-05-06T17:10:42","modified_gmt":"2019-05-06T22:10:42","slug":"concurso-de-carteles-dia-internacional-de-las-mujeres","status":"publish","type":"post","link":"https:\/\/www.uv.mx\/coatza\/ci\/estudiantes\/concurso-de-carteles-dia-internacional-de-las-mujeres\/","title":{"rendered":"CONCURSO DE CARTELES: \u00a0D\u00cdA INTERNACIONAL DE LA MUJER"},"content":{"rendered":"<p style=\"text-align: center\"><span style=\"font-size: 14pt\"><strong>Equidad de g\u00e9nero<\/strong><\/span><\/p>\n<p style=\"text-align: center\"><span style=\"font-size: 14pt\"><strong>CONCURSO DE CARTELES: \u00a0D\u00cdA INTERNACIONAL DE LA MUJER<\/strong><\/span><\/p>\n<p><strong>Primero.- Participantes<\/strong><\/p>\n<p>Podr\u00e1 participar cualquier alumno inscrito a un curso del centro de idiomas o Experiencia educativa de Ingl\u00e9s en cualquiera de sus modalidades.<\/p>\n<p><strong>Segundo.- Tema y caracter\u00edsticas t\u00e9cnicas<\/strong><\/p>\n<p>El tema elegido para los carteles habr\u00e1 de referirse al d\u00eda que se conmemora desde cualquier perspectiva relativa a la misma y deber\u00e1 contener:<\/p>\n<ul>\n<li>Tama\u00f1o tabloide 17&#8243; de alto x 11&#8243; de ancho.<\/li>\n<li>Formato JPG.<\/li>\n<li>El logo de la Universidad Veracruzana.<\/li>\n<li>Centro de Idiomas Regi\u00f3n Coatzacoalcos-Minatitl\u00e1n.<\/li>\n<li>El contenido debe ir en el idioma del curso en el que est\u00e9n inscrito.<\/li>\n<li>Firma o nombre del autor<\/li>\n<li>Nombre del curso y nivel por ejemplo IBAS-213<\/li>\n<\/ul>\n<p><strong>Tercero.- Recepci\u00f3n<\/strong><\/p>\n<p>Entregar a m\u00e1s tardar el d\u00eda 6 de marzo del presente a\u00f1o, a las 21:00 hrs a su docente por correo electr\u00f3nico, con los siguientes datos:<\/p>\n<ul>\n<li>Nombre completo<\/li>\n<li>Grupo<\/li>\n<li>Tel\u00e9fono<\/li>\n<li>Breve explicaci\u00f3n de su cartel, en espa\u00f1ol y en el idioma del curso.<\/li>\n<\/ul>\n<p style=\"text-align: center\"><em><strong>El maestro dar\u00e1 el Vo Bo del cartel para poderlo subir al Facebook.<\/strong><\/em><\/p>\n<p><strong>\u00a0<\/strong><strong>Cuarto: Concurso<\/strong><\/p>\n<p>Los carteles estar\u00e1n publicados en la p\u00e1gina de Facebook del Centro de idiomas.<\/p>\n<p>La votaci\u00f3n\u00a0estar\u00e1\u00a0disponible a partir del 8 al 12 de marzo del presente a\u00f1o, y misma que se cerrar\u00e1n las votaciones el \u00faltimo d\u00eda a las 13:00 hrs.<\/p>\n<p>Los tres carteles m\u00e1s votados con un\u00a0like ser\u00e1n los ganadores.<\/p>\n<p><strong>\u00a0<\/strong><strong>Quinto: Premiaci\u00f3n<\/strong><\/p>\n<p>Los 10 carteles m\u00e1s votados se publicar\u00e1n en el lobby del centro de idiomas, el d\u00eda de la premiaci\u00f3n se\u00a0realizar\u00e1\u00a0el 15 de marzo del presente a\u00f1o, haci\u00e9ndole del conocimiento que se confirmar\u00e1 la hora del evento.<\/p>\n<p>Premio 1 Memoria USB. para los primeros 3 lugares.<\/p>\n","protected":false},"excerpt":{"rendered":"<p>Equidad de g\u00e9nero CONCURSO DE CARTELES: \u00a0D\u00cdA INTERNACIONAL DE LA MUJER Primero.- Participantes Podr\u00e1 participar cualquier alumno inscrito a un curso del centro de idiomas o Experiencia educativa de Ingl\u00e9s en cualquiera de sus modalidades. Segundo.- Tema y caracter\u00edsticas t\u00e9cnicas El tema elegido para los carteles habr\u00e1 de referirse al d\u00eda que se conmemora desde [&hellip;]<\/p>\n","protected":false},"author":10,"featured_media":2860,"comment_status":"closed","ping_status":"closed","sticky":false,"template":"","format":"standard","meta":{"ventana_nueva":"","tipo_url":"","url":"","extracto":"","imagen_halign":"","imagen_valign":"","bg_size":"","text_hide":"","media_url":"","tipo_media":"","video_url":"","video_pos":"","video_youtube":"","footnotes":""},"categories":[41],"tags":[],"class_list":["post-2858","post","type-post","status-publish","format-standard","has-post-thumbnail","hentry","category-estudiantes"],"_links":{"self":[{"href":"https:\/\/www.uv.mx\/coatza\/ci\/wp-json\/wp\/v2\/posts\/2858","targetHints":{"allow":["GET"]}}],"collection":[{"href":"https:\/\/www.uv.mx\/coatza\/ci\/wp-json\/wp\/v2\/posts"}],"about":[{"href":"https:\/\/www.uv.mx\/coatza\/ci\/wp-json\/wp\/v2\/types\/post"}],"author":[{"embeddable":true,"href":"https:\/\/www.uv.mx\/coatza\/ci\/wp-json\/wp\/v2\/users\/10"}],"replies":[{"embeddable":true,"href":"https:\/\/www.uv.mx\/coatza\/ci\/wp-json\/wp\/v2\/comments?post=2858"}],"version-history":[{"count":0,"href":"https:\/\/www.uv.mx\/coatza\/ci\/wp-json\/wp\/v2\/posts\/2858\/revisions"}],"wp:featuredmedia":[{"embeddable":true,"href":"https:\/\/www.uv.mx\/coatza\/ci\/wp-json\/wp\/v2\/media\/2860"}],"wp:attachment":[{"href":"https:\/\/www.uv.mx\/coatza\/ci\/wp-json\/wp\/v2\/media?parent=2858"}],"wp:term":[{"taxonomy":"category","embeddable":true,"href":"https:\/\/www.uv.mx\/coatza\/ci\/wp-json\/wp\/v2\/categories?post=2858"},{"taxonomy":"post_tag","embeddable":true,"href":"https:\/\/www.uv.mx\/coatza\/ci\/wp-json\/wp\/v2\/tags?post=2858"}],"curies":[{"name":"wp","href":"https:\/\/api.w.org\/{rel}","templated":true}]}}