{"id":2075,"date":"2018-11-06T18:52:02","date_gmt":"2018-11-07T00:52:02","guid":{"rendered":"https:\/\/www.uv.mx\/coatza\/ci\/?p=2075"},"modified":"2022-10-21T14:57:42","modified_gmt":"2022-10-21T19:57:42","slug":"curso-taller","status":"publish","type":"post","link":"https:\/\/www.uv.mx\/coatza\/ci\/estudiantes\/curso-taller\/","title":{"rendered":"Curso-taller"},"content":{"rendered":"<p style=\"text-align: center\"><strong>\u00abLas TIC en el Aprendizaje del idioma Ingl\u00e9s\u00bb<\/strong><\/p>\n<table style=\"height: 70px\" width=\"815\">\n<tbody>\n<tr>\n<td style=\"text-align: center\" colspan=\"2\"><strong><strong>Curso Sabatino:\u00a0<\/strong><\/strong><strong>19 de enero al\u00a0 2 de febrero 2019.\u00a0<\/strong><br \/>\n<strong>Campus Coatzacoalcos a partir de las 09:00 horas.<\/strong><\/td>\n<\/tr>\n<tr>\n<td style=\"text-align: left\">\u00a0Objetivo:<\/td>\n<td style=\"text-align: left\">Orientar, a trav\u00e9s del aporte te\u00f3rico-pr\u00e1ctico, \u00a0el \u00a0dise\u00f1o \u00a0e implementaci\u00f3n \u00a0de \u00a0iniciativas \u00a0TIC \u00a0en \u00a0el \u00a0proceso de ense\u00f1anza aprendizaje \u00a0del \u00a0idioma \u00a0ingl\u00e9s.<\/td>\n<\/tr>\n<tr>\n<td>Dirigido a:<\/td>\n<td>\n<p style=\"text-align: left\">Profesores de ingl\u00e9s de educaci\u00f3n b\u00e1sica, media superior y superior y estudiantes del ultimo a\u00f1o de la Licenciatura en el \u00e1rea de ingl\u00e9s. Interesados en la ense\u00f1anza del idioma ingl\u00e9s, certificado\u00a0 con un nivel B2 de acuerdo al Marco Com\u00fan\u00a0 Europeo de Referencia.<\/p>\n<p style=\"text-align: left\"><a href=\"https:\/\/www.uv.mx\/coatza\/ci\/foros-vinculacion-eventos\/descripcion-del-taller\/\">Para mayor\u00a0informaci\u00f3n dar clic aqu\u00ed.<\/a><\/p>\n<\/td>\n<\/tr>\n<tr>\n<td>Temario:<\/td>\n<td>\n<ul>\n<li style=\"text-align: left\"><span lang=\"ES\">El enfoque comunicativo y las habilidades b\u00e1sicas del idioma ingl\u00e9s.<\/span><\/li>\n<li style=\"text-align: left\"><span lang=\"ES\">Las TIC como herramienta en el proceso ense\u00f1anza-aprendizaje.<br \/>\n<\/span><\/li>\n<li style=\"text-align: left\"><span lang=\"ES\">Aprendizaje basado en proyectos: ideas para su implementaci\u00f3n.<\/span><\/li>\n<li style=\"text-align: left\"><span lang=\"ES\">Los recursos de internet en la promoci\u00f3n de la autonom\u00eda del aprendizaje.<\/span><\/li>\n<\/ul>\n<\/td>\n<\/tr>\n<tr>\n<td>Duraci\u00f3n:<\/td>\n<td>\u00a020 horas. 19,26 de enero y 2 de febrero 2019.<\/td>\n<\/tr>\n<tr>\n<td>Costo:<\/td>\n<td>$ 900.00<\/td>\n<\/tr>\n<tr>\n<td>Requisitos:<\/td>\n<td>\n<ul>\n<li>Copia del acta de nacimiento o CURP.<\/li>\n<li>Constancia laboral \u00f3 documento de certificaci\u00f3n de la lengua.<\/li>\n<li>Copia de identificaci\u00f3n con foto.<\/li>\n<li>1 Fotograf\u00eda Infantil \u00a0a color.<\/li>\n<\/ul>\n<\/td>\n<\/tr>\n<tr>\n<td>Informes:<\/td>\n<td>Mtra. Claudia Isabel Mar\u00edn S\u00e1nchez<br \/>\nE-mail: <a href=\"mailto:cmarin@uv.mx\">cmarin@uv.mx\u00a0<\/a>\u00a0 \u00a0 \u00a0 \u00a0 \u00a0 \u00a0 \u00a0 \u00a0 \u00a0 \u00a0 \u00a0 \u00a0 \u00a0 \u00a0 \u00a0 \u00a0 \u00a0 \u00a0 \u00a0 \u00a0 \u00a0 \u00a0 \u00a0 \u00a0 \u00a0 \u00a0 \u00a0 \u00a0 \u00a0 \u00a0 \u00a0 \u00a0 \u00a0 \u00a0 \u00a0 \u00a0 \u00a0 \u00a0 \u00a0 \u00a0 \u00a0 \u00a0 \u00a0 \u00a0 \u00a0 \u00a0 \u00a0 \u00a0 \u00a0 \u00a0 \u00a0 \u00a0 \u00a0 \u00a0 \u00a0 \u00a0 \u00a0 \u00a0 \u00a0 \u00a0 \u00a0 \u00a0 \u00a0 \u00a0 \u00a0 \u00a0 \u00a0 \u00a0 \u00a0 \u00a0 \u00a0 \u00a0 \u00a0 \u00a0 \u00a0 \u00a0 \u00a0 Mtra. Analidia Luj\u00e1n Guti\u00e9rrez\u00a0 \u00a0 \u00a0 \u00a0 \u00a0 \u00a0 \u00a0 \u00a0 \u00a0 \u00a0 \u00a0 \u00a0 \u00a0 \u00a0 \u00a0 \u00a0 \u00a0 \u00a0 \u00a0 \u00a0 \u00a0 \u00a0 \u00a0 \u00a0 \u00a0 \u00a0 \u00a0 \u00a0 \u00a0 \u00a0 \u00a0 \u00a0 \u00a0 \u00a0 \u00a0 \u00a0 \u00a0 \u00a0 \u00a0 \u00a0 \u00a0 \u00a0 \u00a0 \u00a0 \u00a0 \u00a0 \u00a0 \u00a0 \u00a0 \u00a0 \u00a0 \u00a0 \u00a0 \u00a0 \u00a0 \u00a0 \u00a0 \u00a0 \u00a0 \u00a0 \u00a0 \u00a0 \u00a0 \u00a0 \u00a0 \u00a0 \u00a0 \u00a0 \u00a0 \u00a0 \u00a0 \u00a0 \u00a0 \u00a0 \u00a0 \u00a0 \u00a0 \u00a0 E-mail: alujan@uv.mx<a href=\"https:\/\/www.uv.mx\/coatza\/ci\/foros-vinculacion-eventos\/claudia-marin-sanchez\/\">Para mayor informaci\u00f3n del instructor dar clic aqu\u00ed.\u00a0<\/a><\/td>\n<\/tr>\n<tr>\n<td>Inscripciones:<\/td>\n<td><span style=\"color: #ff0000;font-size: 14pt\"><strong>Inscripciones abiertas<\/strong><\/span><br \/>\n<span style=\"color: #0000ff\"><strong>Del 9 de noviembre de 2018 al 18 enero de 2019. En horario de 09:00 a 20:00 horas.<\/strong><\/span><br \/>\n<strong>Centro de Idiomas Regi\u00f3n Coatzacoalcos-Minatitl\u00e1n<\/strong><br \/>\nAv. Universidad Veracruzana Km. 7.5<br \/>\nCol. Santa Isabel C.P. 96538<br \/>\nTel\u00e9fono: (921) 211 57 01<br \/>\nwww.uv.mx\/coatza\/ci<\/td>\n<\/tr>\n<\/tbody>\n<\/table>\n<p>&nbsp;<\/p>\n\n\t\t<style type=\"text\/css\">\n\t\t\t#gallery-1 {\n\t\t\t\tmargin: auto;\n\t\t\t}\n\t\t\t#gallery-1 .gallery-item {\n\t\t\t\tfloat: left;\n\t\t\t\tmargin-top: 10px;\n\t\t\t\ttext-align: center;\n\t\t\t\twidth: 33%;\n\t\t\t}\n\t\t\t#gallery-1 img {\n\t\t\t\tborder: 2px solid #cfcfcf;\n\t\t\t}\n\t\t\t#gallery-1 .gallery-caption {\n\t\t\t\tmargin-left: 0;\n\t\t\t}\n\t\t\t\/* see gallery_shortcode() in wp-includes\/media.php *\/\n\t\t<\/style>\n\t\t<div id='gallery-1' class='gallery galleryid-2075 gallery-columns-3 gallery-size-thumbnail'><dl class='gallery-item'>\n\t\t\t<dt class='gallery-icon landscape'>\n\t\t\t\t<a href='https:\/\/www.uv.mx\/coatza\/ci\/4\/'><img loading=\"lazy\" decoding=\"async\" width=\"150\" height=\"150\" src=\"https:\/\/www.uv.mx\/coatza\/ci\/files\/2017\/09\/4-150x150.jpg\" class=\"attachment-thumbnail size-thumbnail\" alt=\"\" \/><\/a>\n\t\t\t<\/dt><\/dl><dl class='gallery-item'>\n\t\t\t<dt class='gallery-icon landscape'>\n\t\t\t\t<a href='https:\/\/www.uv.mx\/coatza\/ci\/2\/'><img loading=\"lazy\" decoding=\"async\" width=\"150\" height=\"150\" src=\"https:\/\/www.uv.mx\/coatza\/ci\/files\/2017\/09\/2-150x150.jpg\" class=\"attachment-thumbnail size-thumbnail\" alt=\"\" \/><\/a>\n\t\t\t<\/dt><\/dl><dl class='gallery-item'>\n\t\t\t<dt class='gallery-icon landscape'>\n\t\t\t\t<a href='https:\/\/www.uv.mx\/coatza\/ci\/1\/'><img loading=\"lazy\" decoding=\"async\" width=\"150\" height=\"150\" src=\"https:\/\/www.uv.mx\/coatza\/ci\/files\/2017\/09\/1-150x150.jpg\" class=\"attachment-thumbnail size-thumbnail\" alt=\"\" \/><\/a>\n\t\t\t<\/dt><\/dl><br style=\"clear: both\" \/><dl class='gallery-item'>\n\t\t\t<dt class='gallery-icon portrait'>\n\t\t\t\t<a href='https:\/\/www.uv.mx\/coatza\/ci\/gestion\/tsu\/attachment\/imagen7\/'><img loading=\"lazy\" decoding=\"async\" width=\"126\" height=\"150\" src=\"https:\/\/www.uv.mx\/coatza\/ci\/files\/2017\/04\/Imagen7-126x150.jpg\" class=\"attachment-thumbnail size-thumbnail\" alt=\"\" \/><\/a>\n\t\t\t<\/dt><\/dl><dl class='gallery-item'>\n\t\t\t<dt class='gallery-icon portrait'>\n\t\t\t\t<a href='https:\/\/www.uv.mx\/coatza\/ci\/imagen4\/'><img loading=\"lazy\" decoding=\"async\" width=\"150\" height=\"150\" src=\"https:\/\/www.uv.mx\/coatza\/ci\/files\/2017\/04\/Imagen4-150x150.jpg\" class=\"attachment-thumbnail size-thumbnail\" alt=\"\" \/><\/a>\n\t\t\t<\/dt><\/dl><dl class='gallery-item'>\n\t\t\t<dt class='gallery-icon portrait'>\n\t\t\t\t<a href='https:\/\/www.uv.mx\/coatza\/ci\/imagen3\/'><img loading=\"lazy\" decoding=\"async\" width=\"150\" height=\"150\" src=\"https:\/\/www.uv.mx\/coatza\/ci\/files\/2017\/04\/Imagen3-150x150.jpg\" class=\"attachment-thumbnail size-thumbnail\" alt=\"\" \/><\/a>\n\t\t\t<\/dt><\/dl><br style=\"clear: both\" \/><dl class='gallery-item'>\n\t\t\t<dt class='gallery-icon landscape'>\n\t\t\t\t<a href='https:\/\/www.uv.mx\/coatza\/ci\/dsc04770\/'><img loading=\"lazy\" decoding=\"async\" width=\"150\" height=\"150\" src=\"https:\/\/www.uv.mx\/coatza\/ci\/files\/2017\/04\/DSC04770-150x150.jpg\" class=\"attachment-thumbnail size-thumbnail\" alt=\"\" \/><\/a>\n\t\t\t<\/dt><\/dl><dl class='gallery-item'>\n\t\t\t<dt class='gallery-icon landscape'>\n\t\t\t\t<a href='https:\/\/www.uv.mx\/coatza\/ci\/dsc04752\/'><img loading=\"lazy\" decoding=\"async\" width=\"150\" height=\"150\" src=\"https:\/\/www.uv.mx\/coatza\/ci\/files\/2017\/04\/DSC04752-150x150.jpg\" class=\"attachment-thumbnail size-thumbnail\" alt=\"\" \/><\/a>\n\t\t\t<\/dt><\/dl>\n\t\t\t<br style='clear: both' \/>\n\t\t<\/div>\n\n","protected":false},"excerpt":{"rendered":"<p>\u00abLas TIC en el Aprendizaje del idioma Ingl\u00e9s\u00bb Curso Sabatino:\u00a019 de enero al\u00a0 2 de febrero 2019.\u00a0 Campus Coatzacoalcos a partir de las 09:00 horas. \u00a0Objetivo: Orientar, a trav\u00e9s del aporte te\u00f3rico-pr\u00e1ctico, \u00a0el \u00a0dise\u00f1o \u00a0e implementaci\u00f3n \u00a0de \u00a0iniciativas \u00a0TIC \u00a0en \u00a0el \u00a0proceso de ense\u00f1anza aprendizaje \u00a0del \u00a0idioma \u00a0ingl\u00e9s. Dirigido a: Profesores de ingl\u00e9s de educaci\u00f3n [&hellip;]<\/p>\n","protected":false},"author":95,"featured_media":2780,"comment_status":"closed","ping_status":"closed","sticky":false,"template":"","format":"standard","meta":{"ventana_nueva":"","tipo_url":"","url":"","extracto":"","imagen_halign":"","imagen_valign":"","bg_size":"","text_hide":"","media_url":"","tipo_media":"","video_url":"","video_pos":"","video_youtube":"","footnotes":""},"categories":[41],"tags":[],"class_list":["post-2075","post","type-post","status-publish","format-standard","has-post-thumbnail","hentry","category-estudiantes"],"_links":{"self":[{"href":"https:\/\/www.uv.mx\/coatza\/ci\/wp-json\/wp\/v2\/posts\/2075","targetHints":{"allow":["GET"]}}],"collection":[{"href":"https:\/\/www.uv.mx\/coatza\/ci\/wp-json\/wp\/v2\/posts"}],"about":[{"href":"https:\/\/www.uv.mx\/coatza\/ci\/wp-json\/wp\/v2\/types\/post"}],"author":[{"embeddable":true,"href":"https:\/\/www.uv.mx\/coatza\/ci\/wp-json\/wp\/v2\/users\/95"}],"replies":[{"embeddable":true,"href":"https:\/\/www.uv.mx\/coatza\/ci\/wp-json\/wp\/v2\/comments?post=2075"}],"version-history":[{"count":2,"href":"https:\/\/www.uv.mx\/coatza\/ci\/wp-json\/wp\/v2\/posts\/2075\/revisions"}],"predecessor-version":[{"id":5994,"href":"https:\/\/www.uv.mx\/coatza\/ci\/wp-json\/wp\/v2\/posts\/2075\/revisions\/5994"}],"wp:featuredmedia":[{"embeddable":true,"href":"https:\/\/www.uv.mx\/coatza\/ci\/wp-json\/wp\/v2\/media\/2780"}],"wp:attachment":[{"href":"https:\/\/www.uv.mx\/coatza\/ci\/wp-json\/wp\/v2\/media?parent=2075"}],"wp:term":[{"taxonomy":"category","embeddable":true,"href":"https:\/\/www.uv.mx\/coatza\/ci\/wp-json\/wp\/v2\/categories?post=2075"},{"taxonomy":"post_tag","embeddable":true,"href":"https:\/\/www.uv.mx\/coatza\/ci\/wp-json\/wp\/v2\/tags?post=2075"}],"curies":[{"name":"wp","href":"https:\/\/api.w.org\/{rel}","templated":true}]}}