{"id":1753,"date":"2016-05-18T20:07:51","date_gmt":"2016-05-19T01:07:51","guid":{"rendered":"https:\/\/www.uv.mx\/coatza\/ci\/?p=1753"},"modified":"2019-05-06T16:53:40","modified_gmt":"2019-05-06T21:53:40","slug":"aviso-alumnos-meif","status":"publish","type":"post","link":"https:\/\/www.uv.mx\/coatza\/ci\/estudiantes\/aviso-alumnos-meif\/","title":{"rendered":"Aviso Alumnos MEIF"},"content":{"rendered":"<p>&#8211; Les recomiendo que preinscriban las materias que necesiten para cursar el pr\u00f3ximo semestre ya que es posible que la oferta de intersemestrales sea reducida.<span class=\"text_exposed_show\"><br \/>\n&#8211; La oferta para intersemestral se publica hasta el 24 de mayo.<br \/>\n&#8211; Recuerden realizar la Evaluaci\u00f3n Docente, no es requisito para preinscipci\u00f3n pero S\u00cd para la inscripci\u00f3n, pueden ir avanzando este paso en: <a href=\"http:\/\/l.facebook.com\/l.php?u=http%3A%2F%2Feval.uv.mx%2F&amp;h=oAQHD_i7qAQE27DIxS4EJj-tbBT7Bv9q7he4KuOCH3iVJsQ&amp;enc=AZNRO0vLSCCrjcxtY2Bvf5qMnBOeicZHaQkg2Lw04JmOse95oLJTLz5FrvyY9orfgUiCYfwpvCFGHTd8_57_ttiTMAYuffBYExU5BcztD7UigHFzzXm2Nqv44uRIl9a9dFmOI6NyUQFQNhD8xYdzWuu1vP2U12MvhAQdYkGRnRaQ64LRINhZ72O8yi5WHTZkQAbJGv71VYCo2bpnoIeK5PXP&amp;s=1\" target=\"_blank\" rel=\"nofollow noopener noreferrer\">http:\/\/eval.uv.mx\/<\/a><\/span><\/p>\n","protected":false},"excerpt":{"rendered":"<p>&#8211; Les recomiendo que preinscriban las materias que necesiten para cursar el pr\u00f3ximo semestre ya que es posible que la oferta de intersemestrales sea reducida. &#8211; La oferta para intersemestral se publica hasta el 24 de mayo. &#8211; Recuerden realizar la Evaluaci\u00f3n Docente, no es requisito para preinscipci\u00f3n pero S\u00cd para la inscripci\u00f3n, pueden ir [&hellip;]<\/p>\n","protected":false},"author":10,"featured_media":1137,"comment_status":"closed","ping_status":"closed","sticky":false,"template":"","format":"standard","meta":{"ventana_nueva":"","tipo_url":"","url":"","extracto":"","imagen_halign":"","imagen_valign":"","bg_size":"","text_hide":"","media_url":"","tipo_media":"","video_url":"","video_pos":"","video_youtube":"","footnotes":""},"categories":[41],"tags":[],"class_list":["post-1753","post","type-post","status-publish","format-standard","has-post-thumbnail","hentry","category-estudiantes"],"_links":{"self":[{"href":"https:\/\/www.uv.mx\/coatza\/ci\/wp-json\/wp\/v2\/posts\/1753","targetHints":{"allow":["GET"]}}],"collection":[{"href":"https:\/\/www.uv.mx\/coatza\/ci\/wp-json\/wp\/v2\/posts"}],"about":[{"href":"https:\/\/www.uv.mx\/coatza\/ci\/wp-json\/wp\/v2\/types\/post"}],"author":[{"embeddable":true,"href":"https:\/\/www.uv.mx\/coatza\/ci\/wp-json\/wp\/v2\/users\/10"}],"replies":[{"embeddable":true,"href":"https:\/\/www.uv.mx\/coatza\/ci\/wp-json\/wp\/v2\/comments?post=1753"}],"version-history":[{"count":0,"href":"https:\/\/www.uv.mx\/coatza\/ci\/wp-json\/wp\/v2\/posts\/1753\/revisions"}],"wp:featuredmedia":[{"embeddable":true,"href":"https:\/\/www.uv.mx\/coatza\/ci\/wp-json\/wp\/v2\/media\/1137"}],"wp:attachment":[{"href":"https:\/\/www.uv.mx\/coatza\/ci\/wp-json\/wp\/v2\/media?parent=1753"}],"wp:term":[{"taxonomy":"category","embeddable":true,"href":"https:\/\/www.uv.mx\/coatza\/ci\/wp-json\/wp\/v2\/categories?post=1753"},{"taxonomy":"post_tag","embeddable":true,"href":"https:\/\/www.uv.mx\/coatza\/ci\/wp-json\/wp\/v2\/tags?post=1753"}],"curies":[{"name":"wp","href":"https:\/\/api.w.org\/{rel}","templated":true}]}}